{"id":18,"count":2,"description":"<p>En tant qu'association loi 1901, le RERS-Nancy est invit\u00e9 \u00e0 participer \u00e0 des manifestations organis\u00e9es par les collectivit\u00e9s territoriales (d\u00e9partement, ville de Nancy, etc.), d'autres associations (les petits d\u00e9brouillards, le pont des savoirs, etc.) ou des structures diverses (Cultures et Partage, Imagine, etc.)<\/p>","link":"https:\/\/rers-nancy.fr\/new2\/category\/vie-associative\/les-evenements-exterieurs\/","name":"Les \u00e9v\u00e9nements ext\u00e9rieurs","slug":"les-evenements-exterieurs","taxonomy":"category","parent":14,"meta":[],"_links":{"self":[{"href":"https:\/\/rers-nancy.fr\/new2\/wp-json\/wp\/v2\/categories\/18","targetHints":{"allow":["GET"]}}],"collection":[{"href":"https:\/\/rers-nancy.fr\/new2\/wp-json\/wp\/v2\/categories"}],"about":[{"href":"https:\/\/rers-nancy.fr\/new2\/wp-json\/wp\/v2\/taxonomies\/category"}],"up":[{"embeddable":true,"href":"https:\/\/rers-nancy.fr\/new2\/wp-json\/wp\/v2\/categories\/14"}],"wp:post_type":[{"href":"https:\/\/rers-nancy.fr\/new2\/wp-json\/wp\/v2\/posts?categories=18"}],"curies":[{"name":"wp","href":"https:\/\/api.w.org\/{rel}","templated":true}]}}