{"id":2607,"date":"2025-09-01T18:37:00","date_gmt":"2025-09-01T16:37:00","guid":{"rendered":"https:\/\/rers-nancy.fr\/new2\/?p=2607"},"modified":"2025-09-14T18:19:05","modified_gmt":"2025-09-14T16:19:05","slug":"le-jardin-partage-reprend-vie","status":"publish","type":"post","link":"https:\/\/rers-nancy.fr\/new2\/le-jardin-partage-reprend-vie\/","title":{"rendered":"Les activit\u00e9s reprennent d\u00e8s le mois de septembre 2025"},"content":{"rendered":"\n<p><strong>-> <\/strong>Les ateliers\u00a0<strong>\u00ab\u00a0Aiguilles Cr\u00e9atives\u00a0\u00bb<\/strong>\u00a0reprendront\u00a0<strong>Jeudi 11 Septembre \u00e0 20h \u00e0 la MJC Beauregard.\u00a0<\/strong><em>Co-voiturage assur\u00e9 pour le retour.\u00a0<\/em><\/p>\n\n\n\n<p><strong><em>-> <\/em><\/strong>L\u2019activit\u00e9 \u00ab\u00a0<strong>Jardin Partag\u00e9\u201d<\/strong><\/p>\n\n\n\n<!--more-->\n\n\n\n<p>reprendra formellement\u00a0<strong>Samedi 13 Septembre \u00e0 14h au Jardin Partag\u00e9 du Parc de la Cure d\u2019Air\u00a0<\/strong>(64 rue Marquette, Nancy). \u00a0\u00a0<\/p>\n\n\n\n<blockquote class=\"wp-block-quote is-layout-flow wp-block-quote-is-layout-flow\">\n<p><strong><em>-&gt; <\/em><\/strong>L\u2019activit\u00e9&nbsp;\u201c<strong>Marche du Mercredi\u201d&nbsp;<\/strong>reprendra&nbsp;<strong>Mercredi 17 Septembre apr\u00e8s-midi<\/strong>&nbsp;&#8211; <em>Pr\u00e9cisions sur horaire et lieu par H\u00e9l\u00e8ne aux int\u00e9ress\u00e9.e.s tr\u00e8s bient\u00f4t. &nbsp;<\/em><\/p>\n<\/blockquote>\n\n\n\n<blockquote class=\"wp-block-quote is-layout-flow wp-block-quote-is-layout-flow\">\n<p><strong><em>-&gt; <\/em><\/strong>L\u2019atelier&nbsp;<strong>\u00ab\u00a0Jeux de Soci\u00e9t\u00e9\u00a0\u00bb<\/strong>&nbsp;&nbsp;aura lieu&nbsp;<strong>Mardi 23&nbsp;Septembre \u00e0 20h \u00e0 la MJC Beauregard<\/strong>. <em>Co-voiturage assur\u00e9 pour le retour.&nbsp;<\/em><\/p>\n<\/blockquote>\n\n\n\n<blockquote class=\"wp-block-quote is-layout-flow wp-block-quote-is-layout-flow\">\n<p><strong><em>-&gt; <\/em><\/strong>Une soir\u00e9e&nbsp;<strong>\u201cAp\u00e9ro des Savoirs Partag\u00e9s\u201d<\/strong>&nbsp;avec tous les&nbsp;membres du RERS-Nancy,&nbsp;&nbsp;aura lieu&nbsp;<strong>Lundi 30 Septembre \u00e0 partir de 18h&nbsp;\u00e0 la MJC Beauregard.<\/strong>&nbsp;<em>Pour cette soir\u00e9e, nous&nbsp;comptons&nbsp;sur la participation d\u2019un maximum &nbsp;d\u2019entre vous. Chacun.e apporte un petit&nbsp;plat sal\u00e9 ou sucr\u00e9, ainsi qu\u2019une boisson, \u00e0 partager avec les autres. Partage des Savoirs et convivialit\u00e9 seront au rendez-vous.&nbsp;<\/em><strong>Notez cette date sur votre agenda. &nbsp;<\/strong><em>Co-voiturage assur\u00e9 pour le retour.&nbsp;<\/em><\/p>\n<\/blockquote>\n\n\n\n<p><strong>&#8212;&#8212;&#8212;&#8212;&#8212;&#8212;&#8212;&#8212;&#8212;&#8212;&#8212;&#8212;&#8212;&#8212;&#8212;&#8212;&#8212;&#8212;&#8212;&#8212;&#8212;&#8212;&#8212;&#8212;&#8212;&#8212;&#8212;&#8212;&#8212;&#8212;&#8212;&#8212;&#8212;&#8212;&#8212;&#8212;&#8212;&#8212;-<\/strong><\/p>\n\n\n\n<p><strong>Rejoignez nos activit\u00e9s collectives qui fonctionnent toute l\u2019ann\u00e9e:<\/strong><\/p>\n\n\n\n<blockquote class=\"wp-block-quote is-layout-flow wp-block-quote-is-layout-flow\">\n<ol class=\"wp-block-list\">\n<li>AIGUILLES CR\u00c9ATIVES &nbsp; &nbsp; &nbsp; &nbsp; &#8211; contact : H\u00e9l\u00e8ne&nbsp;<a href=\"mailto:hcoydon@gmail.com\" target=\"_blank\" rel=\"noreferrer noopener\">hcoydon@gmail.com<\/a><\/li>\n\n\n\n<li><strong>JARDIN &nbsp;PARTAG\u00c9 &nbsp; &nbsp; &nbsp; &nbsp; &nbsp; &nbsp; &nbsp; &nbsp; &#8211; contact :Annie &amp;&nbsp;<\/strong><strong>Roger<\/strong>&nbsp;<a href=\"mailto:roger.chalot@free.fr\" target=\"_blank\" rel=\"noreferrer noopener\">roger.chalot@free.fr<\/a><\/li>\n\n\n\n<li><strong>MARCHE DU MERCREDI &nbsp; &nbsp; &nbsp; &#8211; contact:&nbsp;<\/strong>&nbsp;H\u00e9l\u00e8ne&nbsp;<a href=\"mailto:hcoydon@gmail.com\" target=\"_blank\" rel=\"noreferrer noopener\">hcoydon@gmail.com<\/a><\/li>\n\n\n\n<li><strong>BRICOLAGE &nbsp; &nbsp; &nbsp; &nbsp; &nbsp; &nbsp; &nbsp; &nbsp; &nbsp; &nbsp; &nbsp; &nbsp; &nbsp;&nbsp;<\/strong><strong>&#8211;&nbsp;<\/strong><strong>contact:<\/strong><strong>&nbsp;Sam &amp; Jean-Pierre&nbsp;<\/strong><a href=\"mailto:peperebichat@gmail.com\" target=\"_blank\" rel=\"noreferrer noopener\">peperebichat@gmail.com<\/a><\/li>\n\n\n\n<li><strong>JEUX DE SOCIETE &nbsp; &nbsp; &nbsp; &nbsp; &nbsp; &nbsp; &nbsp; &nbsp;&nbsp;<\/strong><strong>&#8211;&nbsp;<\/strong><strong>contact:<\/strong><strong>&nbsp;Marion &amp; Fran\u00e7oise&nbsp;<\/strong><a href=\"mailto:francoisechalotprat@gmail.com\" target=\"_blank\" rel=\"noreferrer noopener\">francoisechalotprat@gmail.com<\/a><\/li>\n\n\n\n<li><strong>NOS ENVIES DE LIRE &nbsp; &nbsp; &nbsp; &nbsp; &nbsp; &nbsp;<\/strong><strong>&#8211;&nbsp;<\/strong><strong>contact:<\/strong><strong>&nbsp;Jean-Pierre&nbsp;&amp; Fran\u00e7oise&nbsp;<\/strong><a href=\"mailto:francoisechalotprat@gmail.com\" target=\"_blank\" rel=\"noreferrer noopener\">francoisechalotprat@gmail.com<\/a><\/li>\n<\/ol>\n<\/blockquote>\n","protected":false},"excerpt":{"rendered":"<p>-> Les ateliers\u00a0\u00ab\u00a0Aiguilles Cr\u00e9atives\u00a0\u00bb\u00a0reprendront\u00a0Jeudi 11 Septembre \u00e0 20h \u00e0 la MJC Beauregard.\u00a0Co-voiturage assur\u00e9 pour le retour.\u00a0 -> L\u2019activit\u00e9 \u00ab\u00a0Jardin Partag\u00e9\u201d<\/p>\n","protected":false},"author":1,"featured_media":2612,"comment_status":"open","ping_status":"","sticky":false,"template":"","format":"standard","meta":{"footnotes":""},"categories":[24,12,3,22,118,40,14],"tags":[],"class_list":["post-2607","post","type-post","status-publish","format-standard","has-post-thumbnail","hentry","category-aiguilles-creatives","category-bourses-aux-savoirs","category-echanges-collectifs","category-jardins-partages","category-jeux-de-societe","category-naturenvironnement","category-vie-associative"],"_links":{"self":[{"href":"https:\/\/rers-nancy.fr\/new2\/wp-json\/wp\/v2\/posts\/2607","targetHints":{"allow":["GET"]}}],"collection":[{"href":"https:\/\/rers-nancy.fr\/new2\/wp-json\/wp\/v2\/posts"}],"about":[{"href":"https:\/\/rers-nancy.fr\/new2\/wp-json\/wp\/v2\/types\/post"}],"author":[{"embeddable":true,"href":"https:\/\/rers-nancy.fr\/new2\/wp-json\/wp\/v2\/users\/1"}],"replies":[{"embeddable":true,"href":"https:\/\/rers-nancy.fr\/new2\/wp-json\/wp\/v2\/comments?post=2607"}],"version-history":[{"count":5,"href":"https:\/\/rers-nancy.fr\/new2\/wp-json\/wp\/v2\/posts\/2607\/revisions"}],"predecessor-version":[{"id":5696,"href":"https:\/\/rers-nancy.fr\/new2\/wp-json\/wp\/v2\/posts\/2607\/revisions\/5696"}],"wp:featuredmedia":[{"embeddable":true,"href":"https:\/\/rers-nancy.fr\/new2\/wp-json\/wp\/v2\/media\/2612"}],"wp:attachment":[{"href":"https:\/\/rers-nancy.fr\/new2\/wp-json\/wp\/v2\/media?parent=2607"}],"wp:term":[{"taxonomy":"category","embeddable":true,"href":"https:\/\/rers-nancy.fr\/new2\/wp-json\/wp\/v2\/categories?post=2607"},{"taxonomy":"post_tag","embeddable":true,"href":"https:\/\/rers-nancy.fr\/new2\/wp-json\/wp\/v2\/tags?post=2607"}],"curies":[{"name":"wp","href":"https:\/\/api.w.org\/{rel}","templated":true}]}}