{"id":3461,"date":"2023-07-09T21:11:00","date_gmt":"2023-07-09T19:11:00","guid":{"rendered":"https:\/\/rers-nancy.fr\/new2\/?p=3461"},"modified":"2023-07-13T15:14:17","modified_gmt":"2023-07-13T13:14:17","slug":"mona-buee-couturiere-eco-responsable","status":"publish","type":"post","link":"https:\/\/rers-nancy.fr\/new2\/mona-buee-couturiere-eco-responsable\/","title":{"rendered":"Mona Bu\u00e9e, couturi\u00e8re \u00e9co-responsable"},"content":{"rendered":"<style>.wp-block-kadence-advancedgallery .kb-gallery-type-masonry.kb-gallery-id-_7edc14-8f{margin:-5px;}.kb-gallery-type-masonry.kb-gallery-id-_7edc14-8f .kadence-blocks-gallery-item{padding:5px;}.kb-gallery-id-_7edc14-8f .kadence-blocks-gallery-item .kb-gal-image-radius, .kb-gallery-id-_7edc14-8f .kb-slide-item .kb-gal-image-radius img{border-radius:0px 0px 0px 0px;;}<\/style><div class=\"kb-gallery-wrap-id-_7edc14-8f alignnone wp-block-kadence-advancedgallery\"><ul class=\"kb-gallery-ul kb-gallery-non-static kb-gallery-type-masonry kb-masonry-init kb-gallery-id-_7edc14-8f kb-gallery-caption-style-bottom-hover kb-gallery-filter-none kb-gallery-magnific-init\" data-image-filter=\"none\" data-item-selector=\".kadence-blocks-gallery-item\" data-lightbox-caption=\"true\" data-columns-xxl=\"4\" data-columns-xl=\"4\" data-columns-md=\"4\" data-columns-sm=\"3\" data-columns-xs=\"2\" data-columns-ss=\"2\"><li class=\"kadence-blocks-gallery-item\"><div class=\"kadence-blocks-gallery-item-inner\"><figure class=\"kb-gallery-figure kb-gallery-item-has-link kadence-blocks-gallery-item-hide-caption\"><a href=\"https:\/\/rers-nancy.fr\/new2\/wp-content\/uploads\/2023\/01\/rers-exp-premier-jour-bd-03-06-23-135.jpg\" class=\"kb-gallery-item-link\"   role=\"button\" aria-haspopup=\"dialog\"><div class=\"kb-gal-image-radius\" style=\"max-width:900px;\"><div class=\"kb-gallery-image-contain kadence-blocks-gallery-intrinsic\" style=\"padding-bottom:61%;\"><img loading=\"lazy\" decoding=\"async\" src=\"https:\/\/rers-nancy.fr\/new2\/wp-content\/uploads\/2023\/01\/rers-exp-premier-jour-bd-03-06-23-135-900x550.jpg\" width=\"900\" height=\"550\" alt=\"\" data-full-image=\"https:\/\/rers-nancy.fr\/new2\/wp-content\/uploads\/2023\/01\/rers-exp-premier-jour-bd-03-06-23-135.jpg\" data-light-image=\"https:\/\/rers-nancy.fr\/new2\/wp-content\/uploads\/2023\/01\/rers-exp-premier-jour-bd-03-06-23-135.jpg\" data-id=\"4255\" class=\"wp-image-4255\"\/><\/div><\/div><\/a><\/figure><\/div><\/li><li class=\"kadence-blocks-gallery-item\"><div class=\"kadence-blocks-gallery-item-inner\"><figure class=\"kb-gallery-figure kb-gallery-item-has-link kadence-blocks-gallery-item-hide-caption\"><a href=\"https:\/\/rers-nancy.fr\/new2\/wp-content\/uploads\/2023\/01\/rers-exp-premier-jour-bd-03-06-23-137.jpg\" class=\"kb-gallery-item-link\"   role=\"button\" aria-haspopup=\"dialog\"><div class=\"kb-gal-image-radius\" style=\"max-width:900px;\"><div class=\"kb-gallery-image-contain kadence-blocks-gallery-intrinsic\" style=\"padding-bottom:61%;\"><img loading=\"lazy\" decoding=\"async\" src=\"https:\/\/rers-nancy.fr\/new2\/wp-content\/uploads\/2023\/01\/rers-exp-premier-jour-bd-03-06-23-137-900x550.jpg\" width=\"900\" height=\"550\" alt=\"\" data-full-image=\"https:\/\/rers-nancy.fr\/new2\/wp-content\/uploads\/2023\/01\/rers-exp-premier-jour-bd-03-06-23-137.jpg\" data-light-image=\"https:\/\/rers-nancy.fr\/new2\/wp-content\/uploads\/2023\/01\/rers-exp-premier-jour-bd-03-06-23-137.jpg\" data-id=\"4256\" class=\"wp-image-4256\"\/><\/div><\/div><\/a><\/figure><\/div><\/li><li class=\"kadence-blocks-gallery-item\"><div class=\"kadence-blocks-gallery-item-inner\"><figure class=\"kb-gallery-figure kb-gallery-item-has-link kadence-blocks-gallery-item-hide-caption\"><a href=\"https:\/\/rers-nancy.fr\/new2\/wp-content\/uploads\/2023\/07\/rers-video-3-06.jpg\" class=\"kb-gallery-item-link\"   role=\"button\" aria-haspopup=\"dialog\"><div class=\"kb-gal-image-radius\" style=\"max-width:900px;\"><div class=\"kb-gallery-image-contain kadence-blocks-gallery-intrinsic\" style=\"padding-bottom:61%;\"><img loading=\"lazy\" decoding=\"async\" src=\"https:\/\/rers-nancy.fr\/new2\/wp-content\/uploads\/2023\/07\/rers-video-3-06-900x550.jpg\" width=\"900\" height=\"550\" alt=\"\" data-full-image=\"https:\/\/rers-nancy.fr\/new2\/wp-content\/uploads\/2023\/07\/rers-video-3-06.jpg\" data-light-image=\"https:\/\/rers-nancy.fr\/new2\/wp-content\/uploads\/2023\/07\/rers-video-3-06.jpg\" data-id=\"4262\" class=\"wp-image-4262\"\/><\/div><\/div><\/a><\/figure><\/div><\/li><li class=\"kadence-blocks-gallery-item\"><div class=\"kadence-blocks-gallery-item-inner\"><figure class=\"kb-gallery-figure kb-gallery-item-has-link kadence-blocks-gallery-item-hide-caption\"><a href=\"https:\/\/rers-nancy.fr\/new2\/wp-content\/uploads\/2023\/07\/rers-video-3-07.jpg\" class=\"kb-gallery-item-link\"   role=\"button\" aria-haspopup=\"dialog\"><div class=\"kb-gal-image-radius\" style=\"max-width:900px;\"><div class=\"kb-gallery-image-contain kadence-blocks-gallery-intrinsic\" style=\"padding-bottom:61%;\"><img loading=\"lazy\" decoding=\"async\" src=\"https:\/\/rers-nancy.fr\/new2\/wp-content\/uploads\/2023\/07\/rers-video-3-07-900x550.jpg\" width=\"900\" height=\"550\" alt=\"\" data-full-image=\"https:\/\/rers-nancy.fr\/new2\/wp-content\/uploads\/2023\/07\/rers-video-3-07.jpg\" data-light-image=\"https:\/\/rers-nancy.fr\/new2\/wp-content\/uploads\/2023\/07\/rers-video-3-07.jpg\" data-id=\"4263\" class=\"wp-image-4263\"\/><\/div><\/div><\/a><\/figure><\/div><\/li><\/ul><\/div>\n\n\n<p><strong>A travers une d\u00e9marche \u00e9thique et \u00e9co-responsable, Mona Bu\u00e9e, couturi\u00e8re cr\u00e9atrice, r\u00e9alise des v\u00eatements et des accessoires de mode dans des tissus de qualit\u00e9, souvent charg\u00e9s de sens et d\u2019histoire.<br>Chaque cr\u00e9ation est unique ou en s\u00e9rie tr\u00e8s limit\u00e9e. Tout est pens\u00e9 et confectionn\u00e9 dans son atelier nanc\u00e9ien.<\/strong><br><strong>La fabrication des pi\u00e8ces a un impact environnemental faible, puisque celles-ci sont quasi exclusivement con\u00e7ues \u00e0 partir de tissus revaloris\u00e9s. <\/strong><br><strong>En effet, Mona Bu\u00e9e travaille avec des fins de stock d\u2019ateliers de couture, des linges de maison anciens ou des rideaux vintages, en \u00e9vitant que ces produits d\u00e9class\u00e9s soient jet\u00e9s. Il est possible que certaines cr\u00e9ations soient r\u00e9alis\u00e9es dans des tissus de premi\u00e8re main \u00e0 condition qu\u2019ils aient \u00e9t\u00e9 fabriqu\u00e9s en France et qu\u2019ils restent certifi\u00e9s \u00ab bio \u00bb et\/ou \u00ab oeko-tex \u00bb.<\/strong><\/p>\n\n\n\n<blockquote class=\"wp-block-quote is-layout-flow wp-block-quote-is-layout-flow\">\n<p><\/p>\n<\/blockquote>\n\n\n<div class=\"wp-block-image\">\n<figure class=\"aligncenter size-full\"><img loading=\"lazy\" decoding=\"async\" width=\"800\" height=\"250\" src=\"https:\/\/rers-nancy.fr\/new2\/wp-content\/uploads\/2023\/01\/manu-buee-Bd.png\" alt=\"\" class=\"wp-image-3462\" srcset=\"https:\/\/rers-nancy.fr\/new2\/wp-content\/uploads\/2023\/01\/manu-buee-Bd.png 800w, https:\/\/rers-nancy.fr\/new2\/wp-content\/uploads\/2023\/01\/manu-buee-Bd-460x144.png 460w, https:\/\/rers-nancy.fr\/new2\/wp-content\/uploads\/2023\/01\/manu-buee-Bd-690x216.png 690w, https:\/\/rers-nancy.fr\/new2\/wp-content\/uploads\/2023\/01\/manu-buee-Bd-768x240.png 768w\" sizes=\"auto, (max-width: 800px) 100vw, 800px\" \/><\/figure>\n<\/div>","protected":false},"excerpt":{"rendered":"<p>A travers une d\u00e9marche \u00e9thique et \u00e9co-responsable, Mona Bu\u00e9e, couturi\u00e8re cr\u00e9atrice, r\u00e9alise des v\u00eatements et des accessoires de mode dans des tissus de qualit\u00e9, souvent charg\u00e9s de sens et d\u2019histoire.Chaque cr\u00e9ation est unique ou en s\u00e9rie tr\u00e8s limit\u00e9e. Tout est pens\u00e9 et confectionn\u00e9 dans son&nbsp;<a class=\"read-more\" href=\"https:\/\/rers-nancy.fr\/new2\/mona-buee-couturiere-eco-responsable\/\">&hellip;<\/a><\/p>\n","protected":false},"author":1,"featured_media":3463,"comment_status":"open","ping_status":"closed","sticky":false,"template":"","format":"standard","meta":{"footnotes":""},"categories":[25,115],"tags":[],"class_list":["post-3461","post","type-post","status-publish","format-standard","has-post-thumbnail","hentry","category-savoirs-en-fete","category-stands-2"],"_links":{"self":[{"href":"https:\/\/rers-nancy.fr\/new2\/wp-json\/wp\/v2\/posts\/3461","targetHints":{"allow":["GET"]}}],"collection":[{"href":"https:\/\/rers-nancy.fr\/new2\/wp-json\/wp\/v2\/posts"}],"about":[{"href":"https:\/\/rers-nancy.fr\/new2\/wp-json\/wp\/v2\/types\/post"}],"author":[{"embeddable":true,"href":"https:\/\/rers-nancy.fr\/new2\/wp-json\/wp\/v2\/users\/1"}],"replies":[{"embeddable":true,"href":"https:\/\/rers-nancy.fr\/new2\/wp-json\/wp\/v2\/comments?post=3461"}],"version-history":[{"count":4,"href":"https:\/\/rers-nancy.fr\/new2\/wp-json\/wp\/v2\/posts\/3461\/revisions"}],"predecessor-version":[{"id":4265,"href":"https:\/\/rers-nancy.fr\/new2\/wp-json\/wp\/v2\/posts\/3461\/revisions\/4265"}],"wp:featuredmedia":[{"embeddable":true,"href":"https:\/\/rers-nancy.fr\/new2\/wp-json\/wp\/v2\/media\/3463"}],"wp:attachment":[{"href":"https:\/\/rers-nancy.fr\/new2\/wp-json\/wp\/v2\/media?parent=3461"}],"wp:term":[{"taxonomy":"category","embeddable":true,"href":"https:\/\/rers-nancy.fr\/new2\/wp-json\/wp\/v2\/categories?post=3461"},{"taxonomy":"post_tag","embeddable":true,"href":"https:\/\/rers-nancy.fr\/new2\/wp-json\/wp\/v2\/tags?post=3461"}],"curies":[{"name":"wp","href":"https:\/\/api.w.org\/{rel}","templated":true}]}}