{"id":5788,"date":"2026-01-26T16:02:33","date_gmt":"2026-01-26T15:02:33","guid":{"rendered":"https:\/\/rers-nancy.fr\/new2\/?p=5788"},"modified":"2026-02-24T09:00:01","modified_gmt":"2026-02-24T08:00:01","slug":"nos-envies-de-lire-des-idees-danimation","status":"publish","type":"post","link":"https:\/\/rers-nancy.fr\/new2\/nos-envies-de-lire-des-idees-danimation\/","title":{"rendered":"Nos envies de lire &#8211; des id\u00e9es d&rsquo;animation"},"content":{"rendered":"\n<p>Approfondir le partage des lectures : lecture d&rsquo;extraits ? biographies d&rsquo;auteurs ? Des th\u00e8mes propos\u00e9s \u00e0 l&rsquo;avance ? Les prix litt\u00e9raires ?<br>S&rsquo;inspirer des livres propos\u00e9s par la biblioth\u00e8que pour tous ou le cercle du travail ?<br>Policiers ? Fantasy ? <br>Les id\u00e9es ne manquent pas pour attirer plus de lecteurs &#8230;<\/p>\n\n\n\n<p><strong>Les livres partag\u00e9s <\/strong>:<\/p>\n\n\n\n<ul class=\"wp-block-list\">\n<li>Hyacinthe pr\u00e9sente ensuite son livre,<a href=\"https:\/\/www.mollat.com\/livres\/890892\/salvador-dali-dali-s-mustache\" target=\"_blank\" rel=\"noreferrer noopener\"> <strong><em>Dali\u2018s moustache<\/em><\/strong>, <\/a>m\u00ealant photos et texte \u00e9crit par<br>Dali et l\u2019humour inclassable et un peu \u00ab d\u00e9rang\u00e9 \u00bb qu\u2019on lui conna\u00eet.<\/li>\n\n\n\n<li>Fran\u00e7oise pr\u00e9sente ensuite le livre qu\u2019elle a amen\u00e9 et intitul\u00e9 \u00ab<a href=\"https:\/\/editions.flammarion.com\/les-amnesiques\/9782081416994\" data-type=\"link\" data-id=\"https:\/\/editions.flammarion.com\/les-amnesiques\/9782081416994\" target=\"_blank\" rel=\"noreferrer noopener\"> <strong><em>les amn\u00e9siques<\/em><\/strong> <\/a>\u00bb de<br>G\u00e9raldine Schwarz, c\u2019est l\u2019histoire en fait de son mari d\u2019origine allemande en p\u00e9riode de<br>guerre, et fruit d\u2019un travail de m\u00e9moire tr\u00e8s pouss\u00e9.<\/li>\n\n\n\n<li>Roger, de son c\u00f4t\u00e9 parle du livre qu\u2019il lit en ce moment, \u00ab <strong><em><a href=\"https:\/\/www.babelio.com\/livres\/Lobo-Antunes-Dormir-accompagne\/145934\" data-type=\"link\" data-id=\"https:\/\/www.babelio.com\/livres\/Lobo-Antunes-Dormir-accompagne\/145934\" target=\"_blank\" rel=\"noreferrer noopener\">Dormir accompagn\u00e9<\/a><\/em><\/strong> \u00bb de l\u2019auteur<br>Portugais Antonio Lobo Antunes et qui regroupe un ensemble de nouvelles joliment \u00e9crites<br>et traitant des situations de couple, plus particuli\u00e8rement la sienne. La lecture est agr\u00e9able,<br>beaucoup d\u2019autod\u00e9rision, d\u2019humour et de l\u00e9g\u00e8ret\u00e9, en t\u00e9moigne la lecture par Roger de<br>quelques extraits pour mieux appr\u00e9cier la tonalit\u00e9 du texte.<\/li>\n\n\n\n<li>Jacqueline, enfin, pr\u00e9sente et recommande le livre suivant : <a href=\"https:\/\/www.gallimard.fr\/catalogue\/desert\/9782070376704\" data-type=\"link\" data-id=\"https:\/\/www.gallimard.fr\/catalogue\/desert\/9782070376704\" target=\"_blank\" rel=\"noreferrer noopener\"><strong><em>Le d\u00e9sert de Jean Louis Le<br>Clezio (le monde des Touaregs).<\/em><\/strong> <\/a>Elle \u00e9voque aussi l\u2019auteur Patrick Modiano et un de ses<br>derniers livres traitant de peintres.<\/li>\n<\/ul>\n\n\n\n<p><strong><em>Prochaine r\u00e9union pr\u00e9vue Jeudi 29 Janvier \u00e0 20h <\/em><\/strong><\/p>\n\n\n<style>.wp-block-kadence-advancedbtn.kb-btns5788_3e33d0-50{gap:var(--global-kb-gap-xs, 0.5rem );justify-content:center;align-items:center;}.kt-btns5788_3e33d0-50 .kt-button{font-weight:normal;font-style:normal;}.kt-btns5788_3e33d0-50 .kt-btn-wrap-0{margin-right:5px;}.wp-block-kadence-advancedbtn.kt-btns5788_3e33d0-50 .kt-btn-wrap-0 .kt-button{color:#555555;border-color:#555555;}.wp-block-kadence-advancedbtn.kt-btns5788_3e33d0-50 .kt-btn-wrap-0 .kt-button:hover, .wp-block-kadence-advancedbtn.kt-btns5788_3e33d0-50 .kt-btn-wrap-0 .kt-button:focus{color:#ffffff;border-color:#444444;}.wp-block-kadence-advancedbtn.kt-btns5788_3e33d0-50 .kt-btn-wrap-0 .kt-button::before{display:none;}.wp-block-kadence-advancedbtn.kt-btns5788_3e33d0-50 .kt-btn-wrap-0 .kt-button:hover, .wp-block-kadence-advancedbtn.kt-btns5788_3e33d0-50 .kt-btn-wrap-0 .kt-button:focus{background:#444444;}<\/style>\n<div class=\"wp-block-kadence-advancedbtn kb-buttons-wrap kb-btns5788_3e33d0-50\"><style>ul.menu .wp-block-kadence-advancedbtn .kb-btn5788_f85f83-c3.kb-button{width:initial;}<\/style><a class=\"kb-button kt-button button kb-btn5788_f85f83-c3 kt-btn-size-standard kt-btn-width-type-auto kb-btn-global-fill  kt-btn-has-text-true kt-btn-has-svg-false  wp-block-kadence-singlebtn\" href=\"https:\/\/rers-nancy.fr\/new2\/wp-content\/uploads\/2026\/01\/2025-11-24-rencontre.pdf\" target=\"_blank\" rel=\"noreferrer noopener\"><span class=\"kt-btn-inner-text\">Lire le compte-rendu int\u00e9gral de la r\u00e9union du 24 novembre 2025<\/span><\/a><\/div>\n","protected":false},"excerpt":{"rendered":"<p>Parler de ses lectures, varier les th\u00e8mes, \u00e9changer sur ses d\u00e9couvertes, lire est un plaisir qui se partage.<\/p>\n","protected":false},"author":1,"featured_media":5835,"comment_status":"open","ping_status":"closed","sticky":false,"template":"","format":"standard","meta":{"footnotes":""},"categories":[36,3],"tags":[],"class_list":["post-5788","post","type-post","status-publish","format-standard","has-post-thumbnail","hentry","category-artetculture","category-echanges-collectifs"],"_links":{"self":[{"href":"https:\/\/rers-nancy.fr\/new2\/wp-json\/wp\/v2\/posts\/5788","targetHints":{"allow":["GET"]}}],"collection":[{"href":"https:\/\/rers-nancy.fr\/new2\/wp-json\/wp\/v2\/posts"}],"about":[{"href":"https:\/\/rers-nancy.fr\/new2\/wp-json\/wp\/v2\/types\/post"}],"author":[{"embeddable":true,"href":"https:\/\/rers-nancy.fr\/new2\/wp-json\/wp\/v2\/users\/1"}],"replies":[{"embeddable":true,"href":"https:\/\/rers-nancy.fr\/new2\/wp-json\/wp\/v2\/comments?post=5788"}],"version-history":[{"count":5,"href":"https:\/\/rers-nancy.fr\/new2\/wp-json\/wp\/v2\/posts\/5788\/revisions"}],"predecessor-version":[{"id":5836,"href":"https:\/\/rers-nancy.fr\/new2\/wp-json\/wp\/v2\/posts\/5788\/revisions\/5836"}],"wp:featuredmedia":[{"embeddable":true,"href":"https:\/\/rers-nancy.fr\/new2\/wp-json\/wp\/v2\/media\/5835"}],"wp:attachment":[{"href":"https:\/\/rers-nancy.fr\/new2\/wp-json\/wp\/v2\/media?parent=5788"}],"wp:term":[{"taxonomy":"category","embeddable":true,"href":"https:\/\/rers-nancy.fr\/new2\/wp-json\/wp\/v2\/categories?post=5788"},{"taxonomy":"post_tag","embeddable":true,"href":"https:\/\/rers-nancy.fr\/new2\/wp-json\/wp\/v2\/tags?post=5788"}],"curies":[{"name":"wp","href":"https:\/\/api.w.org\/{rel}","templated":true}]}}